{"id":184,"date":"2022-06-04T09:45:34","date_gmt":"2022-06-04T09:45:34","guid":{"rendered":"http:\/\/www.skillanalumni.fi\/?p=184"},"modified":"2023-06-27T08:50:00","modified_gmt":"2023-06-27T08:50:00","slug":"sahkokillan-alumni-ryn-vuosikokous-2022","status":"publish","type":"post","link":"http:\/\/www.skillanalumni.fi\/index.php\/2022\/06\/04\/sahkokillan-alumni-ryn-vuosikokous-2022\/","title":{"rendered":"S\u00e4hk\u00f6killan alumni ry:n vuosikokous 2022"},"content":{"rendered":"\n<p>Yhdistyksen s\u00e4\u00e4nt\u00f6m\u00e4\u00e4r\u00e4inen yleiskokous pidettiin 8.4.2022 klo 18:30 alkaen YTHS saunalla. Kokouksessa mm. valittiin yhdistykselle hallitus, hyv\u00e4ksyttiin edellisen vuoden tilinp\u00e4\u00e4t\u00f6s ja toimintakertomus sek\u00e4 hyv\u00e4ksyttiin my\u00f6s toimintasuunnitelma ja talousarvio vuodelle 2022.<br>\nUuden hallituksen kokoonpanoksi valikoitui:<\/p>\n\n\n\n<p>Marja Vilkko &#8211; Puheenjohtaja<br>\nKirsi Pietil\u00e4 &#8211; Sihteeritiedotusjohtaja<br>\nAntti Peltotalo &#8211; Talousvarapuheenjohtaja<br>\nJere Lilja &#8211; Yritysyhteisty\u00f6johtaja<br>\nLauri Suomela &#8211; Tapahtumajohtaja<br>\nHeidi Silvanto &#8211; Skiltayhdysjohtaja<\/p>\n\n\n\n<p>Toiminnantarkastajaksi valittiin kaudelle 2022 Jussi Haapanen &amp; Mikko Eronen (varalla).<br>\nOnnea valituille!<\/p>\n\n\n\n<p>Hallitus j\u00e4rjest\u00e4ytyi toukokuun alussa, ja vahvisti kyseiset roolit. Kokouksessa k\u00e4ytiin my\u00f6s tulevan vuoden tapahtumia l\u00e4pi ja suunniteltiin syksy\u00e4. Hallitus palaa ennen syksy\u00e4 kes\u00e4lomilta uusien ja hienojen tapahtumaideoiden kanssa!<\/p>\n","protected":false},"excerpt":{"rendered":"<p>Yhdistyksen s\u00e4\u00e4nt\u00f6m\u00e4\u00e4r\u00e4inen yleiskokous pidettiin 8.4.2022 klo 18:30 alkaen YTHS saunalla. Kokouksessa mm. valittiin yhdistykselle hallitus, hyv\u00e4ksyttiin edellisen vuoden tilinp\u00e4\u00e4t\u00f6s ja toimintakertomus sek\u00e4 hyv\u00e4ksyttiin my\u00f6s toimintasuunnitelma ja talousarvio vuodelle 2022. Uuden hallituksen kokoonpanoksi valikoitui: Marja Vilkko &#8211; Puheenjohtaja Kirsi Pietil\u00e4 &#8211; Sihteeritiedotusjohtaja Antti Peltotalo &#8211; Talousvarapuheenjohtaja Jere Lilja &#8211; Yritysyhteisty\u00f6johtaja Lauri Suomela &#8211; Tapahtumajohtaja Heidi Silvanto &#8211; Skiltayhdysjohtaja Toiminnantarkastajaksi valittiin kaudelle 2022 Jussi Haapanen &amp; Mikko Eronen (varalla). Onnea valituille!&hellip;<\/p>\n<p> <a class=\"more-link\" href=\"http:\/\/www.skillanalumni.fi\/index.php\/2022\/06\/04\/sahkokillan-alumni-ryn-vuosikokous-2022\/\">Read more<\/a><\/p>\n","protected":false},"author":1,"featured_media":0,"comment_status":"closed","ping_status":"open","sticky":false,"template":"","format":"standard","meta":{"footnotes":""},"categories":[1],"tags":[],"class_list":{"0":"post-184","1":"post","2":"type-post","3":"status-publish","4":"format-standard","6":"category-uncategorized"},"featured_image_src":null,"author_info":{"display_name":"admin","author_link":"http:\/\/www.skillanalumni.fi\/index.php\/author\/admin\/"},"_links":{"self":[{"href":"http:\/\/www.skillanalumni.fi\/index.php\/wp-json\/wp\/v2\/posts\/184","targetHints":{"allow":["GET"]}}],"collection":[{"href":"http:\/\/www.skillanalumni.fi\/index.php\/wp-json\/wp\/v2\/posts"}],"about":[{"href":"http:\/\/www.skillanalumni.fi\/index.php\/wp-json\/wp\/v2\/types\/post"}],"author":[{"embeddable":true,"href":"http:\/\/www.skillanalumni.fi\/index.php\/wp-json\/wp\/v2\/users\/1"}],"replies":[{"embeddable":true,"href":"http:\/\/www.skillanalumni.fi\/index.php\/wp-json\/wp\/v2\/comments?post=184"}],"version-history":[{"count":1,"href":"http:\/\/www.skillanalumni.fi\/index.php\/wp-json\/wp\/v2\/posts\/184\/revisions"}],"predecessor-version":[{"id":185,"href":"http:\/\/www.skillanalumni.fi\/index.php\/wp-json\/wp\/v2\/posts\/184\/revisions\/185"}],"wp:attachment":[{"href":"http:\/\/www.skillanalumni.fi\/index.php\/wp-json\/wp\/v2\/media?parent=184"}],"wp:term":[{"taxonomy":"category","embeddable":true,"href":"http:\/\/www.skillanalumni.fi\/index.php\/wp-json\/wp\/v2\/categories?post=184"},{"taxonomy":"post_tag","embeddable":true,"href":"http:\/\/www.skillanalumni.fi\/index.php\/wp-json\/wp\/v2\/tags?post=184"}],"curies":[{"name":"wp","href":"https:\/\/api.w.org\/{rel}","templated":true}]}}